{"id":1919,"date":"2022-08-02T09:25:46","date_gmt":"2022-08-02T09:25:46","guid":{"rendered":"https:\/\/www.construccionsireformessanti.com\/?p=1919"},"modified":"2022-08-02T09:25:51","modified_gmt":"2022-08-02T09:25:51","slug":"corte-por-plasma-como-funciona","status":"publish","type":"post","link":"https:\/\/www.construccionsireformessanti.com\/ca\/corte-por-plasma-como-funciona\/","title":{"rendered":"Corte por plasma: c\u00f3mo funciona"},"content":{"rendered":"<p>[et_pb_section fb_built=\u00bb1&#8243; _builder_version=\u00bb4.16&#8243; _module_preset=\u00bbdefault\u00bb min_height=\u00bb683.4px\u00bb global_colors_info=\u00bb{}\u00bb theme_builder_area=\u00bbpost_content\u00bb][et_pb_row _builder_version=\u00bb4.16&#8243; _module_preset=\u00bbdefault\u00bb min_height=\u00bb989.4px\u00bb custom_margin=\u00bb-31px|auto||auto||\u00bb global_colors_info=\u00bb{}\u00bb theme_builder_area=\u00bbpost_content\u00bb][et_pb_column type=\u00bb4_4&#8243; _builder_version=\u00bb4.16&#8243; _module_preset=\u00bbdefault\u00bb global_colors_info=\u00bb{}\u00bb theme_builder_area=\u00bbpost_content\u00bb][et_pb_text admin_label=\u00bbTexto\u00bb _builder_version=\u00bb4.17.3&#8243; _module_preset=\u00bbdefault\u00bb min_height=\u00bb362px\u00bb custom_margin=\u00bb-15px|||||\u00bb custom_padding=\u00bb0px|||||\u00bb hover_enabled=\u00bb0&#8243; global_colors_info=\u00bb{}\u00bb theme_builder_area=\u00bbpost_content\u00bb sticky_enabled=\u00bb0&#8243;]<\/p>\n<p>El <strong>plasma<\/strong> es una de las tecnolog\u00edas para cortar metal y otros materiales no f\u00e9rricos que tuvo un\u00a0 alto crecimiento de ventas por su <strong>bajo coste y su versatilidad<\/strong>. De hecho era la alternativa perfecta para el cliente que ten\u00eda una cierta demanda de corte y no buscaba mucha calidad de corte. Es tanta su popularidad que muchos talleres y f\u00e1bricas adquirieron\u00a0 una m\u00e1quina de corte por plasma antes de saber si era lo que necesitaban exactamente o si exist\u00eda otro tipo de m\u00e1quina m\u00e1s eficiente para ellos.<\/p>\n<p>De hecho, en nuestras consultor\u00edas gratuitas sobre qu\u00e9 m\u00e1quina necesitas en tu negocio recibimos constantemente preguntas acerca de si<strong> el corte por plasma es la mejor forma de mecanizar<\/strong>, de manera que queremos dar varias respuestas en este art\u00edculo. Para ello, vamos a explicarte c\u00f3mo funciona el plasma, sus caracter\u00edsticas y la mejor alternativa a esta tecnolog\u00eda.<\/p>\n<p>&nbsp;<\/p>\n<h2>\u00bfC\u00f3mo funciona el corte por plasma?<\/h2>\n<p>Antes de todo, es necesario entender <strong>qu\u00e9 es el plasma<\/strong>. Para ello debes imaginar los tres posibles estados en los que puede estar una materia: s\u00f3lido, l\u00edquido y gaseoso. Si a un elemento en estado gaseoso le aumentamos la temperatura, se obtiene un gas el\u00e9ctricamente conductor. La ionizaci\u00f3n de los gases genera la creaci\u00f3n de iones positivos y electrones libres. Cuando esto ocurre, el gas se convierte en un conductor de corriente, llegando a lo que algunos consideran un <strong>cuarto estado de la materia<\/strong>: el plasma.<\/p>\n<p>Mediante la adecuaci\u00f3n de determinadas herramientas, se logra construir m\u00e1quinas de corte por plasma, por medio de un rayo dirigido sobre una superficie met\u00e1lica. El corte por plasma utiliza ese chorro de alta velocidad de gas ionizado que se env\u00eda desde un orificio de constricci\u00f3n para conducir la electricidad desde la antorcha de plasma a la pieza de trabajo. El plasma calienta la pieza de trabajo, <strong>fundiendo el material<\/strong> y cort\u00e1ndolo de forma r\u00e1pida y precisa.\u00a0<\/p>\n<h2>\u00a0<\/h2>\n<h2>Caracter\u00edsticas del corte por plasma<\/h2>\n<p>El corte por plasma se utiliza principalmente para cortar <strong>aceros, aluminios y material no ferroso de menos de 1 pulgada de espesor<\/strong>. La capacidad m\u00e1xima de corte recomendada en acero es de hasta 45 mm y el agujero m\u00e1s peque\u00f1o que puede cortar, con calidad media, es dos veces el espesor.<\/p>\n<p>La velocidad media de corte de aceros:<\/p>\n<ul>\n<li>Para 1 mm de espesor es de 11,5m\/min.<\/li>\n<li>Para 16 mm de espesor es de 1,5m\/min.<\/li>\n<li>Para 25 mm de espesor es de 0,7m\/min.<\/li>\n<\/ul>\n<p>La <strong>calidad del corte es media<\/strong>, comparada con otras tecnolog\u00edas. El proceso de preparaci\u00f3n de la m\u00e1quina es sencillo, lo que permite trabajar \u00e1gilmente distintas formas y espesores.<\/p>\n<p>El <strong>coste de mantenimiento<\/strong> es bajo, el coste en consumibles es medio y el consumo energ\u00e9tico es bajo\/medio, dependiendo de la potencia del plasma.<\/p>\n<p>Los <strong>costes operativos<\/strong> de la m\u00e1quina son medios y resultan competitivos respecto otras tecnolog\u00edas a partir de 16 mm de espesor.<\/p>\n<p>Es aconsejable para <strong>estructuristas<\/strong> y <strong>empresas de mantenimiento<\/strong>. Sin embargo, para cortar o mecanizar determinados materiales o tama\u00f1os menores de 12 mm, no es una m\u00e1quina recomendable.<\/p>\n<p>&nbsp;<\/p>\n<p>[\/et_pb_text][et_pb_image src=\u00bbhttps:\/\/www.construccionsireformessanti.com\/wp-content\/uploads\/2015\/06\/plasma-corte-santi.jpg\u00bb alt=\u00bbCorte de Plasma\u00bb title_text=\u00bbCorte de Plasma\u00bb align=\u00bbcenter\u00bb _builder_version=\u00bb4.17.3&#8243; _module_preset=\u00bbdefault\u00bb hover_enabled=\u00bb0&#8243; global_colors_info=\u00bb{}\u00bb theme_builder_area=\u00bbpost_content\u00bb sticky_enabled=\u00bb0&#8243;][\/et_pb_image][\/et_pb_column][\/et_pb_row][\/et_pb_section]<\/p>","protected":false},"excerpt":{"rendered":"<p>El plasma es una de las tecnolog\u00edas para cortar metal y otros materiales no f\u00e9rricos que tuvo un\u00a0 alto crecimiento de ventas por su bajo coste y su versatilidad. De hecho era la alternativa perfecta para el cliente que ten\u00eda una cierta demanda de corte y no buscaba mucha calidad de corte. Es tanta su [&hellip;]<\/p>","protected":false},"author":2,"featured_media":1401,"comment_status":"closed","ping_status":"closed","sticky":false,"template":"","format":"standard","meta":{"_et_pb_use_builder":"on","_et_pb_old_content":"","_et_gb_content_width":"","footnotes":""},"categories":[1],"tags":[],"class_list":["post-1919","post","type-post","status-publish","format-standard","has-post-thumbnail","hentry","category-sin-categoria"],"yoast_head":"<!-- This site is optimized with the Yoast SEO plugin v27.1.1 - https:\/\/yoast.com\/product\/yoast-seo-wordpress\/ -->\n<title>Corte por plasma: c\u00f3mo funciona - Construcciones y Montajes Santi<\/title>\n<meta name=\"robots\" content=\"index, follow, max-snippet:-1, max-image-preview:large, max-video-preview:-1\" \/>\n<link rel=\"canonical\" href=\"https:\/\/www.construccionsireformessanti.com\/ca\/corte-por-plasma-como-funciona\/\" \/>\n<meta property=\"og:locale\" content=\"ca_ES\" \/>\n<meta property=\"og:type\" content=\"article\" \/>\n<meta property=\"og:title\" content=\"Corte por plasma: c\u00f3mo funciona - Construcciones y Montajes Santi\" \/>\n<meta property=\"og:description\" content=\"El plasma es una de las tecnolog\u00edas para cortar metal y otros materiales no f\u00e9rricos que tuvo un\u00a0 alto crecimiento de ventas por su bajo coste y su versatilidad. De hecho era la alternativa perfecta para el cliente que ten\u00eda una cierta demanda de corte y no buscaba mucha calidad de corte. Es tanta su [&hellip;]\" \/>\n<meta property=\"og:url\" content=\"https:\/\/www.construccionsireformessanti.com\/ca\/corte-por-plasma-como-funciona\/\" \/>\n<meta property=\"og:site_name\" content=\"Construcciones y Montajes Santi\" \/>\n<meta property=\"article:published_time\" content=\"2022-08-02T09:25:46+00:00\" \/>\n<meta property=\"article:modified_time\" content=\"2022-08-02T09:25:51+00:00\" \/>\n<meta property=\"og:image\" content=\"https:\/\/www.construccionsireformessanti.com\/wp-content\/uploads\/2020\/01\/CorteCNCPlasma3.png\" \/>\n\t<meta property=\"og:image:width\" content=\"701\" \/>\n\t<meta property=\"og:image:height\" content=\"565\" \/>\n\t<meta property=\"og:image:type\" content=\"image\/png\" \/>\n<meta name=\"author\" content=\"ConsSanti\" \/>\n<meta name=\"twitter:card\" content=\"summary_large_image\" \/>\n<meta name=\"twitter:label1\" content=\"Escrit per\" \/>\n\t<meta name=\"twitter:data1\" content=\"ConsSanti\" \/>\n\t<meta name=\"twitter:label2\" content=\"Temps estimat de lectura\" \/>\n\t<meta name=\"twitter:data2\" content=\"3 minuts\" \/>\n<script type=\"application\/ld+json\" class=\"yoast-schema-graph\">{\"@context\":\"https:\/\/schema.org\",\"@graph\":[{\"@type\":\"Article\",\"@id\":\"https:\/\/www.construccionsireformessanti.com\/corte-por-plasma-como-funciona\/#article\",\"isPartOf\":{\"@id\":\"https:\/\/www.construccionsireformessanti.com\/corte-por-plasma-como-funciona\/\"},\"author\":{\"name\":\"ConsSanti\",\"@id\":\"https:\/\/www.construccionsireformessanti.com\/#\/schema\/person\/6254ef2b9b629f46fdedd5ad7c7f8b4a\"},\"headline\":\"Corte por plasma: c\u00f3mo funciona\",\"datePublished\":\"2022-08-02T09:25:46+00:00\",\"dateModified\":\"2022-08-02T09:25:51+00:00\",\"mainEntityOfPage\":{\"@id\":\"https:\/\/www.construccionsireformessanti.com\/corte-por-plasma-como-funciona\/\"},\"wordCount\":695,\"image\":{\"@id\":\"https:\/\/www.construccionsireformessanti.com\/corte-por-plasma-como-funciona\/#primaryimage\"},\"thumbnailUrl\":\"https:\/\/www.construccionsireformessanti.com\/wp-content\/uploads\/2020\/01\/CorteCNCPlasma3.png\",\"articleSection\":[\"Sin categor\u00eda\"],\"inLanguage\":\"ca\"},{\"@type\":\"WebPage\",\"@id\":\"https:\/\/www.construccionsireformessanti.com\/corte-por-plasma-como-funciona\/\",\"url\":\"https:\/\/www.construccionsireformessanti.com\/corte-por-plasma-como-funciona\/\",\"name\":\"Corte por plasma: c\u00f3mo funciona - Construcciones y Montajes Santi\",\"isPartOf\":{\"@id\":\"https:\/\/www.construccionsireformessanti.com\/#website\"},\"primaryImageOfPage\":{\"@id\":\"https:\/\/www.construccionsireformessanti.com\/corte-por-plasma-como-funciona\/#primaryimage\"},\"image\":{\"@id\":\"https:\/\/www.construccionsireformessanti.com\/corte-por-plasma-como-funciona\/#primaryimage\"},\"thumbnailUrl\":\"https:\/\/www.construccionsireformessanti.com\/wp-content\/uploads\/2020\/01\/CorteCNCPlasma3.png\",\"datePublished\":\"2022-08-02T09:25:46+00:00\",\"dateModified\":\"2022-08-02T09:25:51+00:00\",\"author\":{\"@id\":\"https:\/\/www.construccionsireformessanti.com\/#\/schema\/person\/6254ef2b9b629f46fdedd5ad7c7f8b4a\"},\"breadcrumb\":{\"@id\":\"https:\/\/www.construccionsireformessanti.com\/corte-por-plasma-como-funciona\/#breadcrumb\"},\"inLanguage\":\"ca\",\"potentialAction\":[{\"@type\":\"ReadAction\",\"target\":[\"https:\/\/www.construccionsireformessanti.com\/corte-por-plasma-como-funciona\/\"]}]},{\"@type\":\"ImageObject\",\"inLanguage\":\"ca\",\"@id\":\"https:\/\/www.construccionsireformessanti.com\/corte-por-plasma-como-funciona\/#primaryimage\",\"url\":\"https:\/\/www.construccionsireformessanti.com\/wp-content\/uploads\/2020\/01\/CorteCNCPlasma3.png\",\"contentUrl\":\"https:\/\/www.construccionsireformessanti.com\/wp-content\/uploads\/2020\/01\/CorteCNCPlasma3.png\",\"width\":701,\"height\":565,\"caption\":\"c\u00f3mo funciona el corte por plasma bajo agua\"},{\"@type\":\"BreadcrumbList\",\"@id\":\"https:\/\/www.construccionsireformessanti.com\/corte-por-plasma-como-funciona\/#breadcrumb\",\"itemListElement\":[{\"@type\":\"ListItem\",\"position\":1,\"name\":\"Portada\",\"item\":\"https:\/\/www.construccionsireformessanti.com\/\"},{\"@type\":\"ListItem\",\"position\":2,\"name\":\"Corte por plasma: c\u00f3mo funciona\"}]},{\"@type\":\"WebSite\",\"@id\":\"https:\/\/www.construccionsireformessanti.com\/#website\",\"url\":\"https:\/\/www.construccionsireformessanti.com\/\",\"name\":\"Construcciones y Montajes Santi\",\"description\":\"Construcciones en Tarragona\",\"potentialAction\":[{\"@type\":\"SearchAction\",\"target\":{\"@type\":\"EntryPoint\",\"urlTemplate\":\"https:\/\/www.construccionsireformessanti.com\/?s={search_term_string}\"},\"query-input\":{\"@type\":\"PropertyValueSpecification\",\"valueRequired\":true,\"valueName\":\"search_term_string\"}}],\"inLanguage\":\"ca\"},{\"@type\":\"Person\",\"@id\":\"https:\/\/www.construccionsireformessanti.com\/#\/schema\/person\/6254ef2b9b629f46fdedd5ad7c7f8b4a\",\"name\":\"ConsSanti\",\"image\":{\"@type\":\"ImageObject\",\"inLanguage\":\"ca\",\"@id\":\"https:\/\/www.construccionsireformessanti.com\/#\/schema\/person\/image\/\",\"url\":\"https:\/\/secure.gravatar.com\/avatar\/7ca184c67c9e00611a4cd9dd38fbd8036ef2ff267c5bc71829a7e456eac997a3?s=96&d=mm&r=g\",\"contentUrl\":\"https:\/\/secure.gravatar.com\/avatar\/7ca184c67c9e00611a4cd9dd38fbd8036ef2ff267c5bc71829a7e456eac997a3?s=96&d=mm&r=g\",\"caption\":\"ConsSanti\"},\"url\":\"https:\/\/www.construccionsireformessanti.com\/ca\/author\/conssanti\/\"}]}<\/script>\n<!-- \/ Yoast SEO plugin. -->","yoast_head_json":{"title":"Corte por plasma: c\u00f3mo funciona - Construcciones y Montajes Santi","robots":{"index":"index","follow":"follow","max-snippet":"max-snippet:-1","max-image-preview":"max-image-preview:large","max-video-preview":"max-video-preview:-1"},"canonical":"https:\/\/www.construccionsireformessanti.com\/ca\/corte-por-plasma-como-funciona\/","og_locale":"ca_ES","og_type":"article","og_title":"Corte por plasma: c\u00f3mo funciona - Construcciones y Montajes Santi","og_description":"El plasma es una de las tecnolog\u00edas para cortar metal y otros materiales no f\u00e9rricos que tuvo un\u00a0 alto crecimiento de ventas por su bajo coste y su versatilidad. De hecho era la alternativa perfecta para el cliente que ten\u00eda una cierta demanda de corte y no buscaba mucha calidad de corte. Es tanta su [&hellip;]","og_url":"https:\/\/www.construccionsireformessanti.com\/ca\/corte-por-plasma-como-funciona\/","og_site_name":"Construcciones y Montajes Santi","article_published_time":"2022-08-02T09:25:46+00:00","article_modified_time":"2022-08-02T09:25:51+00:00","og_image":[{"width":701,"height":565,"url":"https:\/\/www.construccionsireformessanti.com\/wp-content\/uploads\/2020\/01\/CorteCNCPlasma3.png","type":"image\/png"}],"author":"ConsSanti","twitter_card":"summary_large_image","twitter_misc":{"Escrit per":"ConsSanti","Temps estimat de lectura":"3 minuts"},"schema":{"@context":"https:\/\/schema.org","@graph":[{"@type":"Article","@id":"https:\/\/www.construccionsireformessanti.com\/corte-por-plasma-como-funciona\/#article","isPartOf":{"@id":"https:\/\/www.construccionsireformessanti.com\/corte-por-plasma-como-funciona\/"},"author":{"name":"ConsSanti","@id":"https:\/\/www.construccionsireformessanti.com\/#\/schema\/person\/6254ef2b9b629f46fdedd5ad7c7f8b4a"},"headline":"Corte por plasma: c\u00f3mo funciona","datePublished":"2022-08-02T09:25:46+00:00","dateModified":"2022-08-02T09:25:51+00:00","mainEntityOfPage":{"@id":"https:\/\/www.construccionsireformessanti.com\/corte-por-plasma-como-funciona\/"},"wordCount":695,"image":{"@id":"https:\/\/www.construccionsireformessanti.com\/corte-por-plasma-como-funciona\/#primaryimage"},"thumbnailUrl":"https:\/\/www.construccionsireformessanti.com\/wp-content\/uploads\/2020\/01\/CorteCNCPlasma3.png","articleSection":["Sin categor\u00eda"],"inLanguage":"ca"},{"@type":"WebPage","@id":"https:\/\/www.construccionsireformessanti.com\/corte-por-plasma-como-funciona\/","url":"https:\/\/www.construccionsireformessanti.com\/corte-por-plasma-como-funciona\/","name":"Corte por plasma: c\u00f3mo funciona - Construcciones y Montajes Santi","isPartOf":{"@id":"https:\/\/www.construccionsireformessanti.com\/#website"},"primaryImageOfPage":{"@id":"https:\/\/www.construccionsireformessanti.com\/corte-por-plasma-como-funciona\/#primaryimage"},"image":{"@id":"https:\/\/www.construccionsireformessanti.com\/corte-por-plasma-como-funciona\/#primaryimage"},"thumbnailUrl":"https:\/\/www.construccionsireformessanti.com\/wp-content\/uploads\/2020\/01\/CorteCNCPlasma3.png","datePublished":"2022-08-02T09:25:46+00:00","dateModified":"2022-08-02T09:25:51+00:00","author":{"@id":"https:\/\/www.construccionsireformessanti.com\/#\/schema\/person\/6254ef2b9b629f46fdedd5ad7c7f8b4a"},"breadcrumb":{"@id":"https:\/\/www.construccionsireformessanti.com\/corte-por-plasma-como-funciona\/#breadcrumb"},"inLanguage":"ca","potentialAction":[{"@type":"ReadAction","target":["https:\/\/www.construccionsireformessanti.com\/corte-por-plasma-como-funciona\/"]}]},{"@type":"ImageObject","inLanguage":"ca","@id":"https:\/\/www.construccionsireformessanti.com\/corte-por-plasma-como-funciona\/#primaryimage","url":"https:\/\/www.construccionsireformessanti.com\/wp-content\/uploads\/2020\/01\/CorteCNCPlasma3.png","contentUrl":"https:\/\/www.construccionsireformessanti.com\/wp-content\/uploads\/2020\/01\/CorteCNCPlasma3.png","width":701,"height":565,"caption":"c\u00f3mo funciona el corte por plasma bajo agua"},{"@type":"BreadcrumbList","@id":"https:\/\/www.construccionsireformessanti.com\/corte-por-plasma-como-funciona\/#breadcrumb","itemListElement":[{"@type":"ListItem","position":1,"name":"Portada","item":"https:\/\/www.construccionsireformessanti.com\/"},{"@type":"ListItem","position":2,"name":"Corte por plasma: c\u00f3mo funciona"}]},{"@type":"WebSite","@id":"https:\/\/www.construccionsireformessanti.com\/#website","url":"https:\/\/www.construccionsireformessanti.com\/","name":"Construccions i Muntatges Santi","description":"Construcciones en Tarragona","potentialAction":[{"@type":"SearchAction","target":{"@type":"EntryPoint","urlTemplate":"https:\/\/www.construccionsireformessanti.com\/?s={search_term_string}"},"query-input":{"@type":"PropertyValueSpecification","valueRequired":true,"valueName":"search_term_string"}}],"inLanguage":"ca"},{"@type":"Person","@id":"https:\/\/www.construccionsireformessanti.com\/#\/schema\/person\/6254ef2b9b629f46fdedd5ad7c7f8b4a","name":"ConsSanti","image":{"@type":"ImageObject","inLanguage":"ca","@id":"https:\/\/www.construccionsireformessanti.com\/#\/schema\/person\/image\/","url":"https:\/\/secure.gravatar.com\/avatar\/7ca184c67c9e00611a4cd9dd38fbd8036ef2ff267c5bc71829a7e456eac997a3?s=96&d=mm&r=g","contentUrl":"https:\/\/secure.gravatar.com\/avatar\/7ca184c67c9e00611a4cd9dd38fbd8036ef2ff267c5bc71829a7e456eac997a3?s=96&d=mm&r=g","caption":"ConsSanti"},"url":"https:\/\/www.construccionsireformessanti.com\/ca\/author\/conssanti\/"}]}},"_links":{"self":[{"href":"https:\/\/www.construccionsireformessanti.com\/ca\/wp-json\/wp\/v2\/posts\/1919","targetHints":{"allow":["GET"]}}],"collection":[{"href":"https:\/\/www.construccionsireformessanti.com\/ca\/wp-json\/wp\/v2\/posts"}],"about":[{"href":"https:\/\/www.construccionsireformessanti.com\/ca\/wp-json\/wp\/v2\/types\/post"}],"author":[{"embeddable":true,"href":"https:\/\/www.construccionsireformessanti.com\/ca\/wp-json\/wp\/v2\/users\/2"}],"replies":[{"embeddable":true,"href":"https:\/\/www.construccionsireformessanti.com\/ca\/wp-json\/wp\/v2\/comments?post=1919"}],"version-history":[{"count":2,"href":"https:\/\/www.construccionsireformessanti.com\/ca\/wp-json\/wp\/v2\/posts\/1919\/revisions"}],"predecessor-version":[{"id":1922,"href":"https:\/\/www.construccionsireformessanti.com\/ca\/wp-json\/wp\/v2\/posts\/1919\/revisions\/1922"}],"wp:featuredmedia":[{"embeddable":true,"href":"https:\/\/www.construccionsireformessanti.com\/ca\/wp-json\/wp\/v2\/media\/1401"}],"wp:attachment":[{"href":"https:\/\/www.construccionsireformessanti.com\/ca\/wp-json\/wp\/v2\/media?parent=1919"}],"wp:term":[{"taxonomy":"category","embeddable":true,"href":"https:\/\/www.construccionsireformessanti.com\/ca\/wp-json\/wp\/v2\/categories?post=1919"},{"taxonomy":"post_tag","embeddable":true,"href":"https:\/\/www.construccionsireformessanti.com\/ca\/wp-json\/wp\/v2\/tags?post=1919"}],"curies":[{"name":"wp","href":"https:\/\/api.w.org\/{rel}","templated":true}]}}