{"id":2144,"date":"2023-11-13T09:43:45","date_gmt":"2023-11-13T09:43:45","guid":{"rendered":"https:\/\/www.construccionsireformessanti.com\/?p=2144"},"modified":"2023-11-13T09:43:49","modified_gmt":"2023-11-13T09:43:49","slug":"tendencias-recientes-en-reformas","status":"publish","type":"post","link":"https:\/\/www.construccionsireformessanti.com\/ca\/tendencias-recientes-en-reformas\/","title":{"rendered":"Transforma el teu espai: Tend\u00e8ncies m\u00e9s recents en reformes"},"content":{"rendered":"<p>[et_pb_section fb_built=\u00bb1&#8243; _builder_version=\u00bb4.16&#8243; _module_preset=\u00bbdefault\u00bb min_height=\u00bb683.4px\u00bb global_colors_info=\u00bb{}\u00bb][et_pb_row _builder_version=\u00bb4.16&#8243; _module_preset=\u00bbdefault\u00bb min_height=\u00bb989.4px\u00bb custom_margin=\u00bb-31px|auto||auto||\u00bb global_colors_info=\u00bb{}\u00bb][et_pb_column type=\u00bb4_4&#8243; _builder_version=\u00bb4.16&#8243; _module_preset=\u00bbdefault\u00bb global_colors_info=\u00bb{}\u00bb][et_pb_text admin_label=\u00bbTexto\u00bb _builder_version=\u00bb4.23.1&#8243; _module_preset=\u00bbdefault\u00bb min_height=\u00bb362px\u00bb custom_margin=\u00bb-15px|||||\u00bb custom_padding=\u00bb0px|||||\u00bb hover_enabled=\u00bb0&#8243; global_colors_info=\u00bb{}\u00bb sticky_enabled=\u00bb0&#8243;]<\/p>\n<div class=\"group w-full text-gray-800 dark:text-gray-100 border-b border-black\/10 dark:border-gray-900\/50 bg-gray-50 dark:bg-[#444654]\">\n<div class=\"flex p-4 gap-4 text-base md:gap-6 md:max-w-2xl lg:max-w-[38rem] xl:max-w-3xl md:py-6 lg:px-0 m-auto\">\n<div class=\"relative flex w-[calc(100%-50px)] flex-col gap-1 md:gap-3 lg:w-[calc(100%-115px)]\">\n<div class=\"flex flex-grow flex-col gap-3\">\n<div class=\"min-h-[20px] flex items-start overflow-x-auto whitespace-pre-wrap break-words flex-col gap-4\">\n<div class=\"markdown prose w-full break-words dark:prose-invert dark\">\n<div class=\"group w-full text-gray-800 dark:text-gray-100 border-b border-black\/10 dark:border-gray-900\/50 bg-gray-50 dark:bg-[#444654]\">\n<div class=\"flex p-4 gap-4 text-base md:gap-6 md:max-w-2xl lg:max-w-[38rem] xl:max-w-3xl md:py-6 lg:px-0 m-auto\">\n<div class=\"relative flex w-[calc(100%-50px)] flex-col gap-1 md:gap-3 lg:w-[calc(100%-115px)]\">\n<div class=\"flex flex-grow flex-col gap-3\">\n<div class=\"min-h-[20px] flex items-start overflow-x-auto whitespace-pre-wrap break-words flex-col gap-4\">\n<div class=\"markdown prose w-full break-words dark:prose-invert dark\">\n<h2>Transforma tu espacio:<\/h2>\n<p>En el fascinante mundo de las reformas y montajes, la capacidad de transformar tu espacio es clave para crear ambientes acogedores y funcionales. Durante nuestra b\u00fasqueda constante de innovaci\u00f3n, exploramos las tendencias m\u00e1s recientes que est\u00e1n redefiniendo el panorama de las reformas y montajes para ofrecerte ideas frescas y emocionantes. Este viaje, no solo renovamos espacios f\u00edsicos, sino que tambi\u00e9n transformamos experiencias.<\/p>\n<p>&nbsp;<\/p>\n<h3>Explorando las Tendencias Emergentes:<\/h3>\n<p>Desde el resurgimiento de estilos cl\u00e1sicos con un toque moderno hasta la incorporaci\u00f3n de tecnolog\u00edas inteligentes en el dise\u00f1o de interiores, las tendencias actuales abrazan la diversidad y la versatilidad. Transforma tu espacio con colores vibrantes, texturas exquisitas y soluciones creativas que reflejen tu estilo \u00fanico. La combinaci\u00f3n de materiales sostenibles y elementos de dise\u00f1o vanguardistas tambi\u00e9n se encuentra en alza, brindando un enfoque consciente y estilizado a las reformas.<\/p>\n<p>&nbsp;<\/p>\n<h3>Ejemplos Inspiradores de Transformaci\u00f3n:<\/h3>\n<p>Nuestra traves\u00eda por las tendencias m\u00e1s recientes, nos ha hecho presenciar transformaciones asombrosas. La modernizaci\u00f3n de cocinas hasta la creaci\u00f3n de espacios multifuncionales, cada proyecto se convierte en una historia \u00fanica de renovaci\u00f3n. Descubre c\u00f3mo peque\u00f1as modificaciones pueden tener un impacto significativo y c\u00f3mo la integraci\u00f3n de nuevas tecnolog\u00edas puede hacer que tu espacio sea m\u00e1s eficiente y c\u00f3modo.<\/p>\n<p>&nbsp;<\/p>\n<h3>C\u00f3mo Puedes Transformar tu Espacio:<\/h3>\n<p>Ya sea que est\u00e9s contemplando una reforma completa o peque\u00f1os ajustes que marquen la diferencia, te invitamos a explorar las infinitas posibilidades de transformar tu espacio. Nuestro equipo de expertos est\u00e1 aqu\u00ed para guiar tu visi\u00f3n y convertirla en una realidad tangible. Descubre c\u00f3mo las tendencias m\u00e1s recientes pueden inspirarte a crear un espacio que refleje tu personalidad y se adapte a tus necesidades cambiantes. \u00a1Transforma tu espacio y haz que cada rinc\u00f3n cuente!<\/p>\n<\/div>\n<\/div>\n<\/div>\n<\/div>\n<\/div>\n<p>&nbsp;<\/p>\n<\/div>\n<\/div>\n<\/div>\n<\/div>\n<\/div>\n<\/div>\n<\/div>\n<p>[\/et_pb_text][et_pb_cta title=\u00bbSi deseas realizar una reforma en Tarragona, Reus, Cambrils, Vila-seca y otras poblaciones de la regi\u00f3n contacte con nosotros\u00bb button_url=\u00bb@ET-DC@eyJkeW5hbWljIjp0cnVlLCJjb250ZW50IjoicG9zdF9saW5rX3VybF9wYWdlIiwic2V0dGluZ3MiOnsicG9zdF9pZCI6IjEzNyJ9fQ==@\u00bb button_text=\u00bbContactar con nosotros\u00bb _builder_version=\u00bb4.21.0&#8243; _dynamic_attributes=\u00bbbutton_url\u00bb _module_preset=\u00bbdefault\u00bb header_text_color=\u00bb#000000&#8243; body_text_color=\u00bb#000000&#8243; background_color=\u00bbRGBA(0,0,0,0)\u00bb custom_button=\u00bbon\u00bb button_bg_color=\u00bb#000000&#8243; button_icon_color=\u00bb#000000&#8243; button_on_hover=\u00bboff\u00bb box_shadow_style=\u00bbpreset1&#8243; box_shadow_horizontal=\u00bb2px\u00bb box_shadow_blur=\u00bb11px\u00bb global_colors_info=\u00bb{}\u00bb]<\/p>\n<p>Cu\u00e9ntenos que tipo de reforma desea realizar. Le ofrecemos un presupuesto gratuito sin compromisos con CiM Santi.<\/p>\n<p>[\/et_pb_cta][\/et_pb_column][\/et_pb_row][\/et_pb_section]<\/p>","protected":false},"excerpt":{"rendered":"<p>Transforma tu espacio: En el fascinante mundo de las reformas y montajes, la capacidad de transformar tu espacio es clave para crear ambientes acogedores y funcionales. Durante nuestra b\u00fasqueda constante de innovaci\u00f3n, exploramos las tendencias m\u00e1s recientes que est\u00e1n redefiniendo el panorama de las reformas y montajes para ofrecerte ideas frescas y emocionantes. Este viaje, [&hellip;]<\/p>","protected":false},"author":1,"featured_media":2146,"comment_status":"closed","ping_status":"closed","sticky":false,"template":"","format":"standard","meta":{"_et_pb_use_builder":"on","_et_pb_old_content":"","_et_gb_content_width":"","footnotes":""},"categories":[1],"tags":[],"class_list":["post-2144","post","type-post","status-publish","format-standard","has-post-thumbnail","hentry","category-sin-categoria"],"yoast_head":"<!-- This site is optimized with the Yoast SEO plugin v27.1.1 - https:\/\/yoast.com\/product\/yoast-seo-wordpress\/ -->\n<title>Transforma tu espacio: Tendencias m\u00e1s recientes en reformas<\/title>\n<meta name=\"description\" content=\"En esta fascinante entrada de blog, vamos a plantear como transformar tu espacio y descubrir las tendencias m\u00e1s recientes en reformas.\" \/>\n<meta name=\"robots\" content=\"index, follow, max-snippet:-1, max-image-preview:large, max-video-preview:-1\" \/>\n<link rel=\"canonical\" href=\"https:\/\/www.construccionsireformessanti.com\/ca\/tendencias-recientes-en-reformas\/\" \/>\n<meta property=\"og:locale\" content=\"ca_ES\" \/>\n<meta property=\"og:type\" content=\"article\" \/>\n<meta property=\"og:title\" content=\"Transforma tu espacio: Tendencias m\u00e1s recientes en reformas\" \/>\n<meta property=\"og:description\" content=\"En esta fascinante entrada de blog, vamos a plantear como transformar tu espacio y descubrir las tendencias m\u00e1s recientes en reformas.\" \/>\n<meta property=\"og:url\" content=\"https:\/\/www.construccionsireformessanti.com\/ca\/tendencias-recientes-en-reformas\/\" \/>\n<meta property=\"og:site_name\" content=\"Construcciones y Montajes Santi\" \/>\n<meta property=\"article:published_time\" content=\"2023-11-13T09:43:45+00:00\" \/>\n<meta property=\"article:modified_time\" content=\"2023-11-13T09:43:49+00:00\" \/>\n<meta property=\"og:image\" content=\"https:\/\/www.construccionsireformessanti.com\/wp-content\/uploads\/2023\/11\/tendencias-en-reformas.webp\" \/>\n\t<meta property=\"og:image:width\" content=\"1200\" \/>\n\t<meta property=\"og:image:height\" content=\"675\" \/>\n\t<meta property=\"og:image:type\" content=\"image\/webp\" \/>\n<meta name=\"author\" content=\"DigitalME\" \/>\n<meta name=\"twitter:card\" content=\"summary_large_image\" \/>\n<meta name=\"twitter:label1\" content=\"Escrit per\" \/>\n\t<meta name=\"twitter:data1\" content=\"DigitalME\" \/>\n\t<meta name=\"twitter:label2\" content=\"Temps estimat de lectura\" \/>\n\t<meta name=\"twitter:data2\" content=\"2 minuts\" \/>\n<script type=\"application\/ld+json\" class=\"yoast-schema-graph\">{\"@context\":\"https:\/\/schema.org\",\"@graph\":[{\"@type\":\"Article\",\"@id\":\"https:\/\/www.construccionsireformessanti.com\/tendencias-recientes-en-reformas\/#article\",\"isPartOf\":{\"@id\":\"https:\/\/www.construccionsireformessanti.com\/tendencias-recientes-en-reformas\/\"},\"author\":{\"name\":\"DigitalME\",\"@id\":\"https:\/\/www.construccionsireformessanti.com\/#\/schema\/person\/62e13f974382018421104713be8357b7\"},\"headline\":\"Transforma tu espacio: Tendencias m\u00e1s recientes en reformas\",\"datePublished\":\"2023-11-13T09:43:45+00:00\",\"dateModified\":\"2023-11-13T09:43:49+00:00\",\"mainEntityOfPage\":{\"@id\":\"https:\/\/www.construccionsireformessanti.com\/tendencias-recientes-en-reformas\/\"},\"wordCount\":531,\"image\":{\"@id\":\"https:\/\/www.construccionsireformessanti.com\/tendencias-recientes-en-reformas\/#primaryimage\"},\"thumbnailUrl\":\"https:\/\/www.construccionsireformessanti.com\/wp-content\/uploads\/2023\/11\/tendencias-en-reformas.webp\",\"articleSection\":[\"Sin categor\u00eda\"],\"inLanguage\":\"ca\"},{\"@type\":\"WebPage\",\"@id\":\"https:\/\/www.construccionsireformessanti.com\/tendencias-recientes-en-reformas\/\",\"url\":\"https:\/\/www.construccionsireformessanti.com\/tendencias-recientes-en-reformas\/\",\"name\":\"Transforma tu espacio: Tendencias m\u00e1s recientes en reformas\",\"isPartOf\":{\"@id\":\"https:\/\/www.construccionsireformessanti.com\/#website\"},\"primaryImageOfPage\":{\"@id\":\"https:\/\/www.construccionsireformessanti.com\/tendencias-recientes-en-reformas\/#primaryimage\"},\"image\":{\"@id\":\"https:\/\/www.construccionsireformessanti.com\/tendencias-recientes-en-reformas\/#primaryimage\"},\"thumbnailUrl\":\"https:\/\/www.construccionsireformessanti.com\/wp-content\/uploads\/2023\/11\/tendencias-en-reformas.webp\",\"datePublished\":\"2023-11-13T09:43:45+00:00\",\"dateModified\":\"2023-11-13T09:43:49+00:00\",\"author\":{\"@id\":\"https:\/\/www.construccionsireformessanti.com\/#\/schema\/person\/62e13f974382018421104713be8357b7\"},\"description\":\"En esta fascinante entrada de blog, vamos a plantear como transformar tu espacio y descubrir las tendencias m\u00e1s recientes en reformas.\",\"breadcrumb\":{\"@id\":\"https:\/\/www.construccionsireformessanti.com\/tendencias-recientes-en-reformas\/#breadcrumb\"},\"inLanguage\":\"ca\",\"potentialAction\":[{\"@type\":\"ReadAction\",\"target\":[\"https:\/\/www.construccionsireformessanti.com\/tendencias-recientes-en-reformas\/\"]}]},{\"@type\":\"ImageObject\",\"inLanguage\":\"ca\",\"@id\":\"https:\/\/www.construccionsireformessanti.com\/tendencias-recientes-en-reformas\/#primaryimage\",\"url\":\"https:\/\/www.construccionsireformessanti.com\/wp-content\/uploads\/2023\/11\/tendencias-en-reformas.webp\",\"contentUrl\":\"https:\/\/www.construccionsireformessanti.com\/wp-content\/uploads\/2023\/11\/tendencias-en-reformas.webp\",\"width\":1200,\"height\":675,\"caption\":\"Tendencias m\u00e1s recientes en reformas\"},{\"@type\":\"BreadcrumbList\",\"@id\":\"https:\/\/www.construccionsireformessanti.com\/tendencias-recientes-en-reformas\/#breadcrumb\",\"itemListElement\":[{\"@type\":\"ListItem\",\"position\":1,\"name\":\"Portada\",\"item\":\"https:\/\/www.construccionsireformessanti.com\/\"},{\"@type\":\"ListItem\",\"position\":2,\"name\":\"Transforma tu espacio: Tendencias m\u00e1s recientes en reformas\"}]},{\"@type\":\"WebSite\",\"@id\":\"https:\/\/www.construccionsireformessanti.com\/#website\",\"url\":\"https:\/\/www.construccionsireformessanti.com\/\",\"name\":\"Construcciones y Montajes Santi\",\"description\":\"Construcciones en Tarragona\",\"potentialAction\":[{\"@type\":\"SearchAction\",\"target\":{\"@type\":\"EntryPoint\",\"urlTemplate\":\"https:\/\/www.construccionsireformessanti.com\/?s={search_term_string}\"},\"query-input\":{\"@type\":\"PropertyValueSpecification\",\"valueRequired\":true,\"valueName\":\"search_term_string\"}}],\"inLanguage\":\"ca\"},{\"@type\":\"Person\",\"@id\":\"https:\/\/www.construccionsireformessanti.com\/#\/schema\/person\/62e13f974382018421104713be8357b7\",\"name\":\"DigitalME\",\"image\":{\"@type\":\"ImageObject\",\"inLanguage\":\"ca\",\"@id\":\"https:\/\/www.construccionsireformessanti.com\/#\/schema\/person\/image\/\",\"url\":\"https:\/\/secure.gravatar.com\/avatar\/70050c41d678b2b3e9b2ef8ad47c2fd4562a978dd6c4f3ec09c2816212aa5d15?s=96&d=mm&r=g\",\"contentUrl\":\"https:\/\/secure.gravatar.com\/avatar\/70050c41d678b2b3e9b2ef8ad47c2fd4562a978dd6c4f3ec09c2816212aa5d15?s=96&d=mm&r=g\",\"caption\":\"DigitalME\"},\"url\":\"https:\/\/www.construccionsireformessanti.com\/ca\/author\/digitalme\/\"}]}<\/script>\n<!-- \/ Yoast SEO plugin. -->","yoast_head_json":{"title":"Transforma el teu espai: Tend\u00e8ncies m\u00e9s recents en reformes","description":"En esta fascinante entrada de blog, vamos a plantear como transformar tu espacio y descubrir las tendencias m\u00e1s recientes en reformas.","robots":{"index":"index","follow":"follow","max-snippet":"max-snippet:-1","max-image-preview":"max-image-preview:large","max-video-preview":"max-video-preview:-1"},"canonical":"https:\/\/www.construccionsireformessanti.com\/ca\/tendencias-recientes-en-reformas\/","og_locale":"ca_ES","og_type":"article","og_title":"Transforma tu espacio: Tendencias m\u00e1s recientes en reformas","og_description":"En esta fascinante entrada de blog, vamos a plantear como transformar tu espacio y descubrir las tendencias m\u00e1s recientes en reformas.","og_url":"https:\/\/www.construccionsireformessanti.com\/ca\/tendencias-recientes-en-reformas\/","og_site_name":"Construcciones y Montajes Santi","article_published_time":"2023-11-13T09:43:45+00:00","article_modified_time":"2023-11-13T09:43:49+00:00","og_image":[{"width":1200,"height":675,"url":"https:\/\/www.construccionsireformessanti.com\/wp-content\/uploads\/2023\/11\/tendencias-en-reformas.webp","type":"image\/webp"}],"author":"DigitalME","twitter_card":"summary_large_image","twitter_misc":{"Escrit per":"DigitalME","Temps estimat de lectura":"2 minuts"},"schema":{"@context":"https:\/\/schema.org","@graph":[{"@type":"Article","@id":"https:\/\/www.construccionsireformessanti.com\/tendencias-recientes-en-reformas\/#article","isPartOf":{"@id":"https:\/\/www.construccionsireformessanti.com\/tendencias-recientes-en-reformas\/"},"author":{"name":"DigitalME","@id":"https:\/\/www.construccionsireformessanti.com\/#\/schema\/person\/62e13f974382018421104713be8357b7"},"headline":"Transforma tu espacio: Tendencias m\u00e1s recientes en reformas","datePublished":"2023-11-13T09:43:45+00:00","dateModified":"2023-11-13T09:43:49+00:00","mainEntityOfPage":{"@id":"https:\/\/www.construccionsireformessanti.com\/tendencias-recientes-en-reformas\/"},"wordCount":531,"image":{"@id":"https:\/\/www.construccionsireformessanti.com\/tendencias-recientes-en-reformas\/#primaryimage"},"thumbnailUrl":"https:\/\/www.construccionsireformessanti.com\/wp-content\/uploads\/2023\/11\/tendencias-en-reformas.webp","articleSection":["Sin categor\u00eda"],"inLanguage":"ca"},{"@type":"WebPage","@id":"https:\/\/www.construccionsireformessanti.com\/tendencias-recientes-en-reformas\/","url":"https:\/\/www.construccionsireformessanti.com\/tendencias-recientes-en-reformas\/","name":"Transforma el teu espai: Tend\u00e8ncies m\u00e9s recents en reformes","isPartOf":{"@id":"https:\/\/www.construccionsireformessanti.com\/#website"},"primaryImageOfPage":{"@id":"https:\/\/www.construccionsireformessanti.com\/tendencias-recientes-en-reformas\/#primaryimage"},"image":{"@id":"https:\/\/www.construccionsireformessanti.com\/tendencias-recientes-en-reformas\/#primaryimage"},"thumbnailUrl":"https:\/\/www.construccionsireformessanti.com\/wp-content\/uploads\/2023\/11\/tendencias-en-reformas.webp","datePublished":"2023-11-13T09:43:45+00:00","dateModified":"2023-11-13T09:43:49+00:00","author":{"@id":"https:\/\/www.construccionsireformessanti.com\/#\/schema\/person\/62e13f974382018421104713be8357b7"},"description":"En esta fascinante entrada de blog, vamos a plantear como transformar tu espacio y descubrir las tendencias m\u00e1s recientes en reformas.","breadcrumb":{"@id":"https:\/\/www.construccionsireformessanti.com\/tendencias-recientes-en-reformas\/#breadcrumb"},"inLanguage":"ca","potentialAction":[{"@type":"ReadAction","target":["https:\/\/www.construccionsireformessanti.com\/tendencias-recientes-en-reformas\/"]}]},{"@type":"ImageObject","inLanguage":"ca","@id":"https:\/\/www.construccionsireformessanti.com\/tendencias-recientes-en-reformas\/#primaryimage","url":"https:\/\/www.construccionsireformessanti.com\/wp-content\/uploads\/2023\/11\/tendencias-en-reformas.webp","contentUrl":"https:\/\/www.construccionsireformessanti.com\/wp-content\/uploads\/2023\/11\/tendencias-en-reformas.webp","width":1200,"height":675,"caption":"Tendencias m\u00e1s recientes en reformas"},{"@type":"BreadcrumbList","@id":"https:\/\/www.construccionsireformessanti.com\/tendencias-recientes-en-reformas\/#breadcrumb","itemListElement":[{"@type":"ListItem","position":1,"name":"Portada","item":"https:\/\/www.construccionsireformessanti.com\/"},{"@type":"ListItem","position":2,"name":"Transforma tu espacio: Tendencias m\u00e1s recientes en reformas"}]},{"@type":"WebSite","@id":"https:\/\/www.construccionsireformessanti.com\/#website","url":"https:\/\/www.construccionsireformessanti.com\/","name":"Construccions i Muntatges Santi","description":"Construcciones en Tarragona","potentialAction":[{"@type":"SearchAction","target":{"@type":"EntryPoint","urlTemplate":"https:\/\/www.construccionsireformessanti.com\/?s={search_term_string}"},"query-input":{"@type":"PropertyValueSpecification","valueRequired":true,"valueName":"search_term_string"}}],"inLanguage":"ca"},{"@type":"Person","@id":"https:\/\/www.construccionsireformessanti.com\/#\/schema\/person\/62e13f974382018421104713be8357b7","name":"DigitalME","image":{"@type":"ImageObject","inLanguage":"ca","@id":"https:\/\/www.construccionsireformessanti.com\/#\/schema\/person\/image\/","url":"https:\/\/secure.gravatar.com\/avatar\/70050c41d678b2b3e9b2ef8ad47c2fd4562a978dd6c4f3ec09c2816212aa5d15?s=96&d=mm&r=g","contentUrl":"https:\/\/secure.gravatar.com\/avatar\/70050c41d678b2b3e9b2ef8ad47c2fd4562a978dd6c4f3ec09c2816212aa5d15?s=96&d=mm&r=g","caption":"DigitalME"},"url":"https:\/\/www.construccionsireformessanti.com\/ca\/author\/digitalme\/"}]}},"_links":{"self":[{"href":"https:\/\/www.construccionsireformessanti.com\/ca\/wp-json\/wp\/v2\/posts\/2144","targetHints":{"allow":["GET"]}}],"collection":[{"href":"https:\/\/www.construccionsireformessanti.com\/ca\/wp-json\/wp\/v2\/posts"}],"about":[{"href":"https:\/\/www.construccionsireformessanti.com\/ca\/wp-json\/wp\/v2\/types\/post"}],"author":[{"embeddable":true,"href":"https:\/\/www.construccionsireformessanti.com\/ca\/wp-json\/wp\/v2\/users\/1"}],"replies":[{"embeddable":true,"href":"https:\/\/www.construccionsireformessanti.com\/ca\/wp-json\/wp\/v2\/comments?post=2144"}],"version-history":[{"count":3,"href":"https:\/\/www.construccionsireformessanti.com\/ca\/wp-json\/wp\/v2\/posts\/2144\/revisions"}],"predecessor-version":[{"id":2149,"href":"https:\/\/www.construccionsireformessanti.com\/ca\/wp-json\/wp\/v2\/posts\/2144\/revisions\/2149"}],"wp:featuredmedia":[{"embeddable":true,"href":"https:\/\/www.construccionsireformessanti.com\/ca\/wp-json\/wp\/v2\/media\/2146"}],"wp:attachment":[{"href":"https:\/\/www.construccionsireformessanti.com\/ca\/wp-json\/wp\/v2\/media?parent=2144"}],"wp:term":[{"taxonomy":"category","embeddable":true,"href":"https:\/\/www.construccionsireformessanti.com\/ca\/wp-json\/wp\/v2\/categories?post=2144"},{"taxonomy":"post_tag","embeddable":true,"href":"https:\/\/www.construccionsireformessanti.com\/ca\/wp-json\/wp\/v2\/tags?post=2144"}],"curies":[{"name":"wp","href":"https:\/\/api.w.org\/{rel}","templated":true}]}}