{"id":847,"date":"2017-04-19T13:37:17","date_gmt":"2017-04-19T13:37:17","guid":{"rendered":"http:\/\/www.construccionsireformessanti.com\/?p=847"},"modified":"2017-04-19T13:38:11","modified_gmt":"2017-04-19T13:38:11","slug":"proteccion-y-cuidados-de-las-pergolas-de-madera-en-exteriores","status":"publish","type":"post","link":"https:\/\/www.construccionsireformessanti.com\/ca\/proteccion-y-cuidados-de-las-pergolas-de-madera-en-exteriores\/","title":{"rendered":"Protecci\u00f3n y cuidados de las p\u00e9rgolas de madera en exteriores"},"content":{"rendered":"<p>[et_pb_section bb_built=\u00bb1&#8243; admin_label=\u00bbsection\u00bb][et_pb_row admin_label=\u00bbrow\u00bb][et_pb_column type=\u00bb4_4&#8243;][et_pb_text admin_label=\u00bbTexto\u00bb background_layout=\u00bblight\u00bb text_orientation=\u00bbleft\u00bb use_border_color=\u00bboff\u00bb border_color=\u00bb#ffffff\u00bb border_style=\u00bbsolid\u00bb]<\/p>\n<p style=\"text-align: justify;\">En la instalaci\u00f3n de p\u00e9rgolas de madera en Tarragona, los especialistas nos encontramos con dos enemigos a los que vencer para que los resultados sean los m\u00e1s duraderos posibles. Por una parte, est\u00e1 la climatolog\u00eda. En efecto, la lluvia, el fr\u00edo o el excesivo calor son factores que pueden comprometer la est\u00e9tica sin afectar a la resistencia estructural de la madera. Por otra parte, los insectos u hongos pueden acelerar el deterioro de la madera si no se ha protegido adecuadamente durante su montaje y no se han llevado a cabo las tareas m\u00ednimas de mantenimiento.<br \/>\nHoy te proponemos una serie de consejos para el cuidado de tus p\u00e9rgolas:<\/p>\n<h3 style=\"text-align: justify;\">Protecci\u00f3n climatol\u00f3gica<\/h3>\n<p style=\"text-align: justify;\">En general, para la limpieza de la madera se deben emplear productos espec\u00edficos. No es suficiente con agua y jab\u00f3n ni usar los mismos productos que empleamos en los interiores.<br \/>\nSi se quiere dotar a la estructura de una mayor protecci\u00f3n frente al sol y la lluvia, el aceite de teca para las estructuras es una opci\u00f3n recomendable.<\/p>\n<h3 style=\"text-align: justify;\">Defensa frente a hongos e insectos<\/h3>\n<p style=\"text-align: justify;\">Las maderas que Construcciones y reformas Santi utiliza en nuestros proyectos son completamente resistentes a la acci\u00f3n de hongos e insectos. Utilizamos lasur de protecci\u00f3n en las estructuras de la p\u00e9rgola de madera, de modo que el producto penetra en las vetas y poros, dejando respirar a la madera sin que afecte al aspecto est\u00e9tico. El lasur est\u00e1 compuesto de resinas superflexibles, lo que le permite adaptarse sin ning\u00fan tipo de problemas a los cambios que la climatolog\u00eda produce en la madera. Gracias a esta cualidad es perfecto para tatar maderas que est\u00e1n expuestas a cambios medioambientales y climatol\u00f3gicos grandes. Estos productos destacan no s\u00f3lo por su impermeabilidad y resistencia al efecto de los rayos ultravioleta sino porque tambi\u00e9n, incorporan fungicidas y productos repelentes de las carcomas y las termitas. Su vigencia suele situarse en alrededor de 8 a\u00f1os.<br \/>\nNuestro equipo se encarga de la instalaci\u00f3n de p\u00e9rgolas de madera que permiten diferentes opciones a gusto de cada cliente. Presupuestos sin compromiso. Inf\u00f3rmese.<\/p>\n<p>[\/et_pb_text][\/et_pb_column][\/et_pb_row][\/et_pb_section]<\/p>","protected":false},"excerpt":{"rendered":"<p>En la instalaci\u00f3n de p\u00e9rgolas de madera en Tarragona, los especialistas nos encontramos con dos enemigos a los que vencer para que los resultados sean los m\u00e1s duraderos posibles. Por una parte, est\u00e1 la climatolog\u00eda&#8230;<\/p>","protected":false},"author":1,"featured_media":848,"comment_status":"open","ping_status":"closed","sticky":false,"template":"","format":"standard","meta":{"_et_pb_use_builder":"on","_et_pb_old_content":"","_et_gb_content_width":"","footnotes":""},"categories":[18],"tags":[],"class_list":["post-847","post","type-post","status-publish","format-standard","has-post-thumbnail","hentry","category-blog"],"yoast_head":"<!-- This site is optimized with the Yoast SEO plugin v27.1.1 - https:\/\/yoast.com\/product\/yoast-seo-wordpress\/ -->\n<title>Protecci\u00f3n y cuidados de las p\u00e9rgolas de madera en exteriores - Construcciones y Montajes Santi<\/title>\n<meta name=\"robots\" content=\"index, follow, max-snippet:-1, max-image-preview:large, max-video-preview:-1\" \/>\n<link rel=\"canonical\" href=\"https:\/\/www.construccionsireformessanti.com\/ca\/proteccion-y-cuidados-de-las-pergolas-de-madera-en-exteriores\/\" \/>\n<meta property=\"og:locale\" content=\"ca_ES\" \/>\n<meta property=\"og:type\" content=\"article\" \/>\n<meta property=\"og:title\" content=\"Protecci\u00f3n y cuidados de las p\u00e9rgolas de madera en exteriores - Construcciones y Montajes Santi\" \/>\n<meta property=\"og:description\" content=\"En la instalaci\u00f3n de p\u00e9rgolas de madera en Tarragona, los especialistas nos encontramos con dos enemigos a los que vencer para que los resultados sean los m\u00e1s duraderos posibles. Por una parte, est\u00e1 la climatolog\u00eda...\" \/>\n<meta property=\"og:url\" content=\"https:\/\/www.construccionsireformessanti.com\/ca\/proteccion-y-cuidados-de-las-pergolas-de-madera-en-exteriores\/\" \/>\n<meta property=\"og:site_name\" content=\"Construcciones y Montajes Santi\" \/>\n<meta property=\"article:published_time\" content=\"2017-04-19T13:37:17+00:00\" \/>\n<meta property=\"article:modified_time\" content=\"2017-04-19T13:38:11+00:00\" \/>\n<meta property=\"og:image\" content=\"https:\/\/www.construccionsireformessanti.com\/wp-content\/uploads\/2017\/04\/ejemplo-de-pergola.jpg\" \/>\n\t<meta property=\"og:image:width\" content=\"600\" \/>\n\t<meta property=\"og:image:height\" content=\"373\" \/>\n\t<meta property=\"og:image:type\" content=\"image\/jpeg\" \/>\n<meta name=\"author\" content=\"DigitalME\" \/>\n<meta name=\"twitter:card\" content=\"summary_large_image\" \/>\n<meta name=\"twitter:label1\" content=\"Escrit per\" \/>\n\t<meta name=\"twitter:data1\" content=\"DigitalME\" \/>\n\t<meta name=\"twitter:label2\" content=\"Temps estimat de lectura\" \/>\n\t<meta name=\"twitter:data2\" content=\"2 minuts\" \/>\n<script type=\"application\/ld+json\" class=\"yoast-schema-graph\">{\"@context\":\"https:\/\/schema.org\",\"@graph\":[{\"@type\":\"Article\",\"@id\":\"https:\/\/www.construccionsireformessanti.com\/proteccion-y-cuidados-de-las-pergolas-de-madera-en-exteriores\/#article\",\"isPartOf\":{\"@id\":\"https:\/\/www.construccionsireformessanti.com\/proteccion-y-cuidados-de-las-pergolas-de-madera-en-exteriores\/\"},\"author\":{\"name\":\"DigitalME\",\"@id\":\"https:\/\/www.construccionsireformessanti.com\/#\/schema\/person\/62e13f974382018421104713be8357b7\"},\"headline\":\"Protecci\u00f3n y cuidados de las p\u00e9rgolas de madera en exteriores\",\"datePublished\":\"2017-04-19T13:37:17+00:00\",\"dateModified\":\"2017-04-19T13:38:11+00:00\",\"mainEntityOfPage\":{\"@id\":\"https:\/\/www.construccionsireformessanti.com\/proteccion-y-cuidados-de-las-pergolas-de-madera-en-exteriores\/\"},\"wordCount\":429,\"commentCount\":0,\"image\":{\"@id\":\"https:\/\/www.construccionsireformessanti.com\/proteccion-y-cuidados-de-las-pergolas-de-madera-en-exteriores\/#primaryimage\"},\"thumbnailUrl\":\"https:\/\/www.construccionsireformessanti.com\/wp-content\/uploads\/2017\/04\/ejemplo-de-pergola.jpg\",\"articleSection\":[\"Blog\"],\"inLanguage\":\"ca\",\"potentialAction\":[{\"@type\":\"CommentAction\",\"name\":\"Comment\",\"target\":[\"https:\/\/www.construccionsireformessanti.com\/proteccion-y-cuidados-de-las-pergolas-de-madera-en-exteriores\/#respond\"]}]},{\"@type\":\"WebPage\",\"@id\":\"https:\/\/www.construccionsireformessanti.com\/proteccion-y-cuidados-de-las-pergolas-de-madera-en-exteriores\/\",\"url\":\"https:\/\/www.construccionsireformessanti.com\/proteccion-y-cuidados-de-las-pergolas-de-madera-en-exteriores\/\",\"name\":\"Protecci\u00f3n y cuidados de las p\u00e9rgolas de madera en exteriores - Construcciones y Montajes Santi\",\"isPartOf\":{\"@id\":\"https:\/\/www.construccionsireformessanti.com\/#website\"},\"primaryImageOfPage\":{\"@id\":\"https:\/\/www.construccionsireformessanti.com\/proteccion-y-cuidados-de-las-pergolas-de-madera-en-exteriores\/#primaryimage\"},\"image\":{\"@id\":\"https:\/\/www.construccionsireformessanti.com\/proteccion-y-cuidados-de-las-pergolas-de-madera-en-exteriores\/#primaryimage\"},\"thumbnailUrl\":\"https:\/\/www.construccionsireformessanti.com\/wp-content\/uploads\/2017\/04\/ejemplo-de-pergola.jpg\",\"datePublished\":\"2017-04-19T13:37:17+00:00\",\"dateModified\":\"2017-04-19T13:38:11+00:00\",\"author\":{\"@id\":\"https:\/\/www.construccionsireformessanti.com\/#\/schema\/person\/62e13f974382018421104713be8357b7\"},\"breadcrumb\":{\"@id\":\"https:\/\/www.construccionsireformessanti.com\/proteccion-y-cuidados-de-las-pergolas-de-madera-en-exteriores\/#breadcrumb\"},\"inLanguage\":\"ca\",\"potentialAction\":[{\"@type\":\"ReadAction\",\"target\":[\"https:\/\/www.construccionsireformessanti.com\/proteccion-y-cuidados-de-las-pergolas-de-madera-en-exteriores\/\"]}]},{\"@type\":\"ImageObject\",\"inLanguage\":\"ca\",\"@id\":\"https:\/\/www.construccionsireformessanti.com\/proteccion-y-cuidados-de-las-pergolas-de-madera-en-exteriores\/#primaryimage\",\"url\":\"https:\/\/www.construccionsireformessanti.com\/wp-content\/uploads\/2017\/04\/ejemplo-de-pergola.jpg\",\"contentUrl\":\"https:\/\/www.construccionsireformessanti.com\/wp-content\/uploads\/2017\/04\/ejemplo-de-pergola.jpg\",\"width\":\"600\",\"height\":\"373\",\"caption\":\"terraza con p\u00e9rgola\"},{\"@type\":\"BreadcrumbList\",\"@id\":\"https:\/\/www.construccionsireformessanti.com\/proteccion-y-cuidados-de-las-pergolas-de-madera-en-exteriores\/#breadcrumb\",\"itemListElement\":[{\"@type\":\"ListItem\",\"position\":1,\"name\":\"Portada\",\"item\":\"https:\/\/www.construccionsireformessanti.com\/\"},{\"@type\":\"ListItem\",\"position\":2,\"name\":\"Protecci\u00f3n y cuidados de las p\u00e9rgolas de madera en exteriores\"}]},{\"@type\":\"WebSite\",\"@id\":\"https:\/\/www.construccionsireformessanti.com\/#website\",\"url\":\"https:\/\/www.construccionsireformessanti.com\/\",\"name\":\"Construcciones y Montajes Santi\",\"description\":\"Construcciones en Tarragona\",\"potentialAction\":[{\"@type\":\"SearchAction\",\"target\":{\"@type\":\"EntryPoint\",\"urlTemplate\":\"https:\/\/www.construccionsireformessanti.com\/?s={search_term_string}\"},\"query-input\":{\"@type\":\"PropertyValueSpecification\",\"valueRequired\":true,\"valueName\":\"search_term_string\"}}],\"inLanguage\":\"ca\"},{\"@type\":\"Person\",\"@id\":\"https:\/\/www.construccionsireformessanti.com\/#\/schema\/person\/62e13f974382018421104713be8357b7\",\"name\":\"DigitalME\",\"image\":{\"@type\":\"ImageObject\",\"inLanguage\":\"ca\",\"@id\":\"https:\/\/www.construccionsireformessanti.com\/#\/schema\/person\/image\/\",\"url\":\"https:\/\/secure.gravatar.com\/avatar\/70050c41d678b2b3e9b2ef8ad47c2fd4562a978dd6c4f3ec09c2816212aa5d15?s=96&d=mm&r=g\",\"contentUrl\":\"https:\/\/secure.gravatar.com\/avatar\/70050c41d678b2b3e9b2ef8ad47c2fd4562a978dd6c4f3ec09c2816212aa5d15?s=96&d=mm&r=g\",\"caption\":\"DigitalME\"},\"url\":\"https:\/\/www.construccionsireformessanti.com\/ca\/author\/digitalme\/\"}]}<\/script>\n<!-- \/ Yoast SEO plugin. -->","yoast_head_json":{"title":"Protecci\u00f3n y cuidados de las p\u00e9rgolas de madera en exteriores - Construcciones y Montajes Santi","robots":{"index":"index","follow":"follow","max-snippet":"max-snippet:-1","max-image-preview":"max-image-preview:large","max-video-preview":"max-video-preview:-1"},"canonical":"https:\/\/www.construccionsireformessanti.com\/ca\/proteccion-y-cuidados-de-las-pergolas-de-madera-en-exteriores\/","og_locale":"ca_ES","og_type":"article","og_title":"Protecci\u00f3n y cuidados de las p\u00e9rgolas de madera en exteriores - Construcciones y Montajes Santi","og_description":"En la instalaci\u00f3n de p\u00e9rgolas de madera en Tarragona, los especialistas nos encontramos con dos enemigos a los que vencer para que los resultados sean los m\u00e1s duraderos posibles. Por una parte, est\u00e1 la climatolog\u00eda...","og_url":"https:\/\/www.construccionsireformessanti.com\/ca\/proteccion-y-cuidados-de-las-pergolas-de-madera-en-exteriores\/","og_site_name":"Construcciones y Montajes Santi","article_published_time":"2017-04-19T13:37:17+00:00","article_modified_time":"2017-04-19T13:38:11+00:00","og_image":[{"width":600,"height":373,"url":"https:\/\/www.construccionsireformessanti.com\/wp-content\/uploads\/2017\/04\/ejemplo-de-pergola.jpg","type":"image\/jpeg"}],"author":"DigitalME","twitter_card":"summary_large_image","twitter_misc":{"Escrit per":"DigitalME","Temps estimat de lectura":"2 minuts"},"schema":{"@context":"https:\/\/schema.org","@graph":[{"@type":"Article","@id":"https:\/\/www.construccionsireformessanti.com\/proteccion-y-cuidados-de-las-pergolas-de-madera-en-exteriores\/#article","isPartOf":{"@id":"https:\/\/www.construccionsireformessanti.com\/proteccion-y-cuidados-de-las-pergolas-de-madera-en-exteriores\/"},"author":{"name":"DigitalME","@id":"https:\/\/www.construccionsireformessanti.com\/#\/schema\/person\/62e13f974382018421104713be8357b7"},"headline":"Protecci\u00f3n y cuidados de las p\u00e9rgolas de madera en exteriores","datePublished":"2017-04-19T13:37:17+00:00","dateModified":"2017-04-19T13:38:11+00:00","mainEntityOfPage":{"@id":"https:\/\/www.construccionsireformessanti.com\/proteccion-y-cuidados-de-las-pergolas-de-madera-en-exteriores\/"},"wordCount":429,"commentCount":0,"image":{"@id":"https:\/\/www.construccionsireformessanti.com\/proteccion-y-cuidados-de-las-pergolas-de-madera-en-exteriores\/#primaryimage"},"thumbnailUrl":"https:\/\/www.construccionsireformessanti.com\/wp-content\/uploads\/2017\/04\/ejemplo-de-pergola.jpg","articleSection":["Blog"],"inLanguage":"ca","potentialAction":[{"@type":"CommentAction","name":"Comment","target":["https:\/\/www.construccionsireformessanti.com\/proteccion-y-cuidados-de-las-pergolas-de-madera-en-exteriores\/#respond"]}]},{"@type":"WebPage","@id":"https:\/\/www.construccionsireformessanti.com\/proteccion-y-cuidados-de-las-pergolas-de-madera-en-exteriores\/","url":"https:\/\/www.construccionsireformessanti.com\/proteccion-y-cuidados-de-las-pergolas-de-madera-en-exteriores\/","name":"Protecci\u00f3n y cuidados de las p\u00e9rgolas de madera en exteriores - Construcciones y Montajes Santi","isPartOf":{"@id":"https:\/\/www.construccionsireformessanti.com\/#website"},"primaryImageOfPage":{"@id":"https:\/\/www.construccionsireformessanti.com\/proteccion-y-cuidados-de-las-pergolas-de-madera-en-exteriores\/#primaryimage"},"image":{"@id":"https:\/\/www.construccionsireformessanti.com\/proteccion-y-cuidados-de-las-pergolas-de-madera-en-exteriores\/#primaryimage"},"thumbnailUrl":"https:\/\/www.construccionsireformessanti.com\/wp-content\/uploads\/2017\/04\/ejemplo-de-pergola.jpg","datePublished":"2017-04-19T13:37:17+00:00","dateModified":"2017-04-19T13:38:11+00:00","author":{"@id":"https:\/\/www.construccionsireformessanti.com\/#\/schema\/person\/62e13f974382018421104713be8357b7"},"breadcrumb":{"@id":"https:\/\/www.construccionsireformessanti.com\/proteccion-y-cuidados-de-las-pergolas-de-madera-en-exteriores\/#breadcrumb"},"inLanguage":"ca","potentialAction":[{"@type":"ReadAction","target":["https:\/\/www.construccionsireformessanti.com\/proteccion-y-cuidados-de-las-pergolas-de-madera-en-exteriores\/"]}]},{"@type":"ImageObject","inLanguage":"ca","@id":"https:\/\/www.construccionsireformessanti.com\/proteccion-y-cuidados-de-las-pergolas-de-madera-en-exteriores\/#primaryimage","url":"https:\/\/www.construccionsireformessanti.com\/wp-content\/uploads\/2017\/04\/ejemplo-de-pergola.jpg","contentUrl":"https:\/\/www.construccionsireformessanti.com\/wp-content\/uploads\/2017\/04\/ejemplo-de-pergola.jpg","width":"600","height":"373","caption":"terraza con p\u00e9rgola"},{"@type":"BreadcrumbList","@id":"https:\/\/www.construccionsireformessanti.com\/proteccion-y-cuidados-de-las-pergolas-de-madera-en-exteriores\/#breadcrumb","itemListElement":[{"@type":"ListItem","position":1,"name":"Portada","item":"https:\/\/www.construccionsireformessanti.com\/"},{"@type":"ListItem","position":2,"name":"Protecci\u00f3n y cuidados de las p\u00e9rgolas de madera en exteriores"}]},{"@type":"WebSite","@id":"https:\/\/www.construccionsireformessanti.com\/#website","url":"https:\/\/www.construccionsireformessanti.com\/","name":"Construccions i Muntatges Santi","description":"Construcciones en Tarragona","potentialAction":[{"@type":"SearchAction","target":{"@type":"EntryPoint","urlTemplate":"https:\/\/www.construccionsireformessanti.com\/?s={search_term_string}"},"query-input":{"@type":"PropertyValueSpecification","valueRequired":true,"valueName":"search_term_string"}}],"inLanguage":"ca"},{"@type":"Person","@id":"https:\/\/www.construccionsireformessanti.com\/#\/schema\/person\/62e13f974382018421104713be8357b7","name":"DigitalME","image":{"@type":"ImageObject","inLanguage":"ca","@id":"https:\/\/www.construccionsireformessanti.com\/#\/schema\/person\/image\/","url":"https:\/\/secure.gravatar.com\/avatar\/70050c41d678b2b3e9b2ef8ad47c2fd4562a978dd6c4f3ec09c2816212aa5d15?s=96&d=mm&r=g","contentUrl":"https:\/\/secure.gravatar.com\/avatar\/70050c41d678b2b3e9b2ef8ad47c2fd4562a978dd6c4f3ec09c2816212aa5d15?s=96&d=mm&r=g","caption":"DigitalME"},"url":"https:\/\/www.construccionsireformessanti.com\/ca\/author\/digitalme\/"}]}},"_links":{"self":[{"href":"https:\/\/www.construccionsireformessanti.com\/ca\/wp-json\/wp\/v2\/posts\/847","targetHints":{"allow":["GET"]}}],"collection":[{"href":"https:\/\/www.construccionsireformessanti.com\/ca\/wp-json\/wp\/v2\/posts"}],"about":[{"href":"https:\/\/www.construccionsireformessanti.com\/ca\/wp-json\/wp\/v2\/types\/post"}],"author":[{"embeddable":true,"href":"https:\/\/www.construccionsireformessanti.com\/ca\/wp-json\/wp\/v2\/users\/1"}],"replies":[{"embeddable":true,"href":"https:\/\/www.construccionsireformessanti.com\/ca\/wp-json\/wp\/v2\/comments?post=847"}],"version-history":[{"count":4,"href":"https:\/\/www.construccionsireformessanti.com\/ca\/wp-json\/wp\/v2\/posts\/847\/revisions"}],"predecessor-version":[{"id":852,"href":"https:\/\/www.construccionsireformessanti.com\/ca\/wp-json\/wp\/v2\/posts\/847\/revisions\/852"}],"wp:featuredmedia":[{"embeddable":true,"href":"https:\/\/www.construccionsireformessanti.com\/ca\/wp-json\/wp\/v2\/media\/848"}],"wp:attachment":[{"href":"https:\/\/www.construccionsireformessanti.com\/ca\/wp-json\/wp\/v2\/media?parent=847"}],"wp:term":[{"taxonomy":"category","embeddable":true,"href":"https:\/\/www.construccionsireformessanti.com\/ca\/wp-json\/wp\/v2\/categories?post=847"},{"taxonomy":"post_tag","embeddable":true,"href":"https:\/\/www.construccionsireformessanti.com\/ca\/wp-json\/wp\/v2\/tags?post=847"}],"curies":[{"name":"wp","href":"https:\/\/api.w.org\/{rel}","templated":true}]}}