{"id":981,"date":"2018-05-16T07:42:50","date_gmt":"2018-05-16T07:42:50","guid":{"rendered":"https:\/\/www.construccionsireformessanti.com\/?p=981"},"modified":"2019-03-25T11:02:34","modified_gmt":"2019-03-25T11:02:34","slug":"tendencias-en-suelos-de-parque-laminados-y-de-vinilo-2018","status":"publish","type":"post","link":"https:\/\/www.construccionsireformessanti.com\/ca\/tendencias-en-suelos-de-parque-laminados-y-de-vinilo-2018\/","title":{"rendered":"Tendencias en suelos de parqu\u00e9, laminados y de vinilo 2018"},"content":{"rendered":"<p>Los <strong>suelos de madera y laminados<\/strong> siguen marcando tendencia en este 2018.<\/p>\n<h2>Diferentes opciones de suelos y laminados de madera en 2018<\/h2>\n<p><strong>Diferentes texturas en suelos laminados:<\/strong>&nbsp;Las texturas del&nbsp;<strong>parquet flotante<\/strong>&nbsp;tambi\u00e9n est\u00e1n muy de moda, con diferentes acabados, que destacar\u00e1n por irregularidades pronunciadas, nudos hundidos y barnizados naturales para conseguir el efecto deseado.<\/p>\n<p><strong>La decoraci\u00f3n, los colores y el suelo de madera:<\/strong>&nbsp;Otra de las tendencias en decoraci\u00f3n para el 2018 sigue siendo&nbsp;<strong>lo natural y relajante<\/strong>, especialmente para dormitorios, que aportan gran calidez y confort en nuestro hogar. Atm\u00f3sferas armoniosas y relajantes, con especial atenci\u00f3n a los&nbsp;<strong>toques de color. <\/strong>El suelo de madera puede ayudar a destacar la decoraci\u00f3n de cada espacio.<\/p>\n<p><strong>Bamb\u00fa en el suelo:<\/strong>&nbsp;No se trata de un material nuevo para suelos. Pero si es verdad, que cada vez se encuentra m\u00e1s presente entre las alternativas de decoraci\u00f3n. Presenta una&nbsp;<strong>resistencia y dureza mayor que la gran mayor\u00eda de maderas duras<\/strong>. Cada vez hay m\u00e1s estilos y colores que hacen posible imitar la madera natural. Con los nuevos tipos de bamb\u00fa que presentan las fibras internas de la planta en su estructura, permite conseguir tablillas m\u00e1s anchas y&nbsp;<strong>nuevos estilos.<\/strong><\/p>\n<h3>Construcciones y Reformas Santi, expertos en suleos de madera<\/h3>\n<p>Si estas pensando en instalar o cambiar tu suelo de madera para tu casa o piso, somos tu mejor opci\u00f3n. Contacta con nosotros para asesorarte y ofrecerte un presupuesto sin compromiso de<strong> suelos de madera y laminados en la provincia de Tarragona.<\/strong><\/p>","protected":false},"excerpt":{"rendered":"<p>Los suelos de madera y laminados siguen marcando tendencia en este 2018. Diferentes opciones de suelos y laminados de madera en 2018 Diferentes texturas en suelos laminados:&nbsp;Las texturas del&nbsp;parquet flotante&nbsp;tambi\u00e9n est\u00e1n muy de moda, con diferentes acabados, que destacar\u00e1n por irregularidades pronunciadas, nudos hundidos y barnizados naturales para conseguir el efecto deseado. La decoraci\u00f3n, los [&hellip;]<\/p>","protected":false},"author":1,"featured_media":983,"comment_status":"closed","ping_status":"closed","sticky":false,"template":"","format":"standard","meta":{"_et_pb_use_builder":"","_et_pb_old_content":"","_et_gb_content_width":"","footnotes":""},"categories":[18],"tags":[31],"class_list":["post-981","post","type-post","status-publish","format-standard","has-post-thumbnail","hentry","category-blog","tag-tendencia-suelo-madera-2018"],"yoast_head":"<!-- This site is optimized with the Yoast SEO plugin v27.1.1 - https:\/\/yoast.com\/product\/yoast-seo-wordpress\/ -->\n<title>Tendencias en suelos de parqu\u00e9, laminados y de vinilo 2018 | Tarragona<\/title>\n<meta name=\"description\" content=\"Las Tendencias en suelos de madera y laminados siguen marcando en este 2018. Especialistas en suelos de madera y laminados en la provincia de Tarragona.\" \/>\n<meta name=\"robots\" content=\"index, follow, max-snippet:-1, max-image-preview:large, max-video-preview:-1\" \/>\n<link rel=\"canonical\" href=\"https:\/\/www.construccionsireformessanti.com\/ca\/tendencias-en-suelos-de-parque-laminados-y-de-vinilo-2018\/\" \/>\n<meta property=\"og:locale\" content=\"ca_ES\" \/>\n<meta property=\"og:type\" content=\"article\" \/>\n<meta property=\"og:title\" content=\"Tendencias en suelos de parqu\u00e9, laminados y de vinilo 2018 | Tarragona\" \/>\n<meta property=\"og:description\" content=\"Las Tendencias en suelos de madera y laminados siguen marcando en este 2018. Especialistas en suelos de madera y laminados en la provincia de Tarragona.\" \/>\n<meta property=\"og:url\" content=\"https:\/\/www.construccionsireformessanti.com\/ca\/tendencias-en-suelos-de-parque-laminados-y-de-vinilo-2018\/\" \/>\n<meta property=\"og:site_name\" content=\"Construcciones y Montajes Santi\" \/>\n<meta property=\"article:published_time\" content=\"2018-05-16T07:42:50+00:00\" \/>\n<meta property=\"article:modified_time\" content=\"2019-03-25T11:02:34+00:00\" \/>\n<meta property=\"og:image\" content=\"https:\/\/www.construccionsireformessanti.com\/wp-content\/uploads\/2018\/04\/suelo-madera.jpg\" \/>\n\t<meta property=\"og:image:width\" content=\"680\" \/>\n\t<meta property=\"og:image:height\" content=\"418\" \/>\n\t<meta property=\"og:image:type\" content=\"image\/jpeg\" \/>\n<meta name=\"author\" content=\"DigitalME\" \/>\n<meta name=\"twitter:card\" content=\"summary_large_image\" \/>\n<meta name=\"twitter:label1\" content=\"Escrit per\" \/>\n\t<meta name=\"twitter:data1\" content=\"DigitalME\" \/>\n\t<meta name=\"twitter:label2\" content=\"Temps estimat de lectura\" \/>\n\t<meta name=\"twitter:data2\" content=\"1 minut\" \/>\n<script type=\"application\/ld+json\" class=\"yoast-schema-graph\">{\"@context\":\"https:\/\/schema.org\",\"@graph\":[{\"@type\":\"Article\",\"@id\":\"https:\/\/www.construccionsireformessanti.com\/tendencias-en-suelos-de-parque-laminados-y-de-vinilo-2018\/#article\",\"isPartOf\":{\"@id\":\"https:\/\/www.construccionsireformessanti.com\/tendencias-en-suelos-de-parque-laminados-y-de-vinilo-2018\/\"},\"author\":{\"name\":\"DigitalME\",\"@id\":\"https:\/\/www.construccionsireformessanti.com\/#\/schema\/person\/62e13f974382018421104713be8357b7\"},\"headline\":\"Tendencias en suelos de parqu\u00e9, laminados y de vinilo 2018\",\"datePublished\":\"2018-05-16T07:42:50+00:00\",\"dateModified\":\"2019-03-25T11:02:34+00:00\",\"mainEntityOfPage\":{\"@id\":\"https:\/\/www.construccionsireformessanti.com\/tendencias-en-suelos-de-parque-laminados-y-de-vinilo-2018\/\"},\"wordCount\":277,\"image\":{\"@id\":\"https:\/\/www.construccionsireformessanti.com\/tendencias-en-suelos-de-parque-laminados-y-de-vinilo-2018\/#primaryimage\"},\"thumbnailUrl\":\"https:\/\/www.construccionsireformessanti.com\/wp-content\/uploads\/2018\/04\/suelo-madera.jpg\",\"keywords\":[\"tendencia suelo madera 2018\"],\"articleSection\":[\"Blog\"],\"inLanguage\":\"ca\"},{\"@type\":\"WebPage\",\"@id\":\"https:\/\/www.construccionsireformessanti.com\/tendencias-en-suelos-de-parque-laminados-y-de-vinilo-2018\/\",\"url\":\"https:\/\/www.construccionsireformessanti.com\/tendencias-en-suelos-de-parque-laminados-y-de-vinilo-2018\/\",\"name\":\"Tendencias en suelos de parqu\u00e9, laminados y de vinilo 2018 | Tarragona\",\"isPartOf\":{\"@id\":\"https:\/\/www.construccionsireformessanti.com\/#website\"},\"primaryImageOfPage\":{\"@id\":\"https:\/\/www.construccionsireformessanti.com\/tendencias-en-suelos-de-parque-laminados-y-de-vinilo-2018\/#primaryimage\"},\"image\":{\"@id\":\"https:\/\/www.construccionsireformessanti.com\/tendencias-en-suelos-de-parque-laminados-y-de-vinilo-2018\/#primaryimage\"},\"thumbnailUrl\":\"https:\/\/www.construccionsireformessanti.com\/wp-content\/uploads\/2018\/04\/suelo-madera.jpg\",\"datePublished\":\"2018-05-16T07:42:50+00:00\",\"dateModified\":\"2019-03-25T11:02:34+00:00\",\"author\":{\"@id\":\"https:\/\/www.construccionsireformessanti.com\/#\/schema\/person\/62e13f974382018421104713be8357b7\"},\"description\":\"Las Tendencias en suelos de madera y laminados siguen marcando en este 2018. Especialistas en suelos de madera y laminados en la provincia de Tarragona.\",\"breadcrumb\":{\"@id\":\"https:\/\/www.construccionsireformessanti.com\/tendencias-en-suelos-de-parque-laminados-y-de-vinilo-2018\/#breadcrumb\"},\"inLanguage\":\"ca\",\"potentialAction\":[{\"@type\":\"ReadAction\",\"target\":[\"https:\/\/www.construccionsireformessanti.com\/tendencias-en-suelos-de-parque-laminados-y-de-vinilo-2018\/\"]}]},{\"@type\":\"ImageObject\",\"inLanguage\":\"ca\",\"@id\":\"https:\/\/www.construccionsireformessanti.com\/tendencias-en-suelos-de-parque-laminados-y-de-vinilo-2018\/#primaryimage\",\"url\":\"https:\/\/www.construccionsireformessanti.com\/wp-content\/uploads\/2018\/04\/suelo-madera.jpg\",\"contentUrl\":\"https:\/\/www.construccionsireformessanti.com\/wp-content\/uploads\/2018\/04\/suelo-madera.jpg\",\"width\":680,\"height\":418,\"caption\":\"suelo madera\"},{\"@type\":\"BreadcrumbList\",\"@id\":\"https:\/\/www.construccionsireformessanti.com\/tendencias-en-suelos-de-parque-laminados-y-de-vinilo-2018\/#breadcrumb\",\"itemListElement\":[{\"@type\":\"ListItem\",\"position\":1,\"name\":\"Portada\",\"item\":\"https:\/\/www.construccionsireformessanti.com\/\"},{\"@type\":\"ListItem\",\"position\":2,\"name\":\"Tendencias en suelos de parqu\u00e9, laminados y de vinilo 2018\"}]},{\"@type\":\"WebSite\",\"@id\":\"https:\/\/www.construccionsireformessanti.com\/#website\",\"url\":\"https:\/\/www.construccionsireformessanti.com\/\",\"name\":\"Construcciones y Montajes Santi\",\"description\":\"Construcciones en Tarragona\",\"potentialAction\":[{\"@type\":\"SearchAction\",\"target\":{\"@type\":\"EntryPoint\",\"urlTemplate\":\"https:\/\/www.construccionsireformessanti.com\/?s={search_term_string}\"},\"query-input\":{\"@type\":\"PropertyValueSpecification\",\"valueRequired\":true,\"valueName\":\"search_term_string\"}}],\"inLanguage\":\"ca\"},{\"@type\":\"Person\",\"@id\":\"https:\/\/www.construccionsireformessanti.com\/#\/schema\/person\/62e13f974382018421104713be8357b7\",\"name\":\"DigitalME\",\"image\":{\"@type\":\"ImageObject\",\"inLanguage\":\"ca\",\"@id\":\"https:\/\/www.construccionsireformessanti.com\/#\/schema\/person\/image\/\",\"url\":\"https:\/\/secure.gravatar.com\/avatar\/70050c41d678b2b3e9b2ef8ad47c2fd4562a978dd6c4f3ec09c2816212aa5d15?s=96&d=mm&r=g\",\"contentUrl\":\"https:\/\/secure.gravatar.com\/avatar\/70050c41d678b2b3e9b2ef8ad47c2fd4562a978dd6c4f3ec09c2816212aa5d15?s=96&d=mm&r=g\",\"caption\":\"DigitalME\"},\"url\":\"https:\/\/www.construccionsireformessanti.com\/ca\/author\/digitalme\/\"}]}<\/script>\n<!-- \/ Yoast SEO plugin. -->","yoast_head_json":{"title":"Tendencias en suelos de parqu\u00e9, laminados y de vinilo 2018 | Tarragona","description":"Las Tendencias en suelos de madera y laminados siguen marcando en este 2018. Especialistas en suelos de madera y laminados en la provincia de Tarragona.","robots":{"index":"index","follow":"follow","max-snippet":"max-snippet:-1","max-image-preview":"max-image-preview:large","max-video-preview":"max-video-preview:-1"},"canonical":"https:\/\/www.construccionsireformessanti.com\/ca\/tendencias-en-suelos-de-parque-laminados-y-de-vinilo-2018\/","og_locale":"ca_ES","og_type":"article","og_title":"Tendencias en suelos de parqu\u00e9, laminados y de vinilo 2018 | Tarragona","og_description":"Las Tendencias en suelos de madera y laminados siguen marcando en este 2018. Especialistas en suelos de madera y laminados en la provincia de Tarragona.","og_url":"https:\/\/www.construccionsireformessanti.com\/ca\/tendencias-en-suelos-de-parque-laminados-y-de-vinilo-2018\/","og_site_name":"Construcciones y Montajes Santi","article_published_time":"2018-05-16T07:42:50+00:00","article_modified_time":"2019-03-25T11:02:34+00:00","og_image":[{"width":680,"height":418,"url":"https:\/\/www.construccionsireformessanti.com\/wp-content\/uploads\/2018\/04\/suelo-madera.jpg","type":"image\/jpeg"}],"author":"DigitalME","twitter_card":"summary_large_image","twitter_misc":{"Escrit per":"DigitalME","Temps estimat de lectura":"1 minut"},"schema":{"@context":"https:\/\/schema.org","@graph":[{"@type":"Article","@id":"https:\/\/www.construccionsireformessanti.com\/tendencias-en-suelos-de-parque-laminados-y-de-vinilo-2018\/#article","isPartOf":{"@id":"https:\/\/www.construccionsireformessanti.com\/tendencias-en-suelos-de-parque-laminados-y-de-vinilo-2018\/"},"author":{"name":"DigitalME","@id":"https:\/\/www.construccionsireformessanti.com\/#\/schema\/person\/62e13f974382018421104713be8357b7"},"headline":"Tendencias en suelos de parqu\u00e9, laminados y de vinilo 2018","datePublished":"2018-05-16T07:42:50+00:00","dateModified":"2019-03-25T11:02:34+00:00","mainEntityOfPage":{"@id":"https:\/\/www.construccionsireformessanti.com\/tendencias-en-suelos-de-parque-laminados-y-de-vinilo-2018\/"},"wordCount":277,"image":{"@id":"https:\/\/www.construccionsireformessanti.com\/tendencias-en-suelos-de-parque-laminados-y-de-vinilo-2018\/#primaryimage"},"thumbnailUrl":"https:\/\/www.construccionsireformessanti.com\/wp-content\/uploads\/2018\/04\/suelo-madera.jpg","keywords":["tendencia suelo madera 2018"],"articleSection":["Blog"],"inLanguage":"ca"},{"@type":"WebPage","@id":"https:\/\/www.construccionsireformessanti.com\/tendencias-en-suelos-de-parque-laminados-y-de-vinilo-2018\/","url":"https:\/\/www.construccionsireformessanti.com\/tendencias-en-suelos-de-parque-laminados-y-de-vinilo-2018\/","name":"Tendencias en suelos de parqu\u00e9, laminados y de vinilo 2018 | Tarragona","isPartOf":{"@id":"https:\/\/www.construccionsireformessanti.com\/#website"},"primaryImageOfPage":{"@id":"https:\/\/www.construccionsireformessanti.com\/tendencias-en-suelos-de-parque-laminados-y-de-vinilo-2018\/#primaryimage"},"image":{"@id":"https:\/\/www.construccionsireformessanti.com\/tendencias-en-suelos-de-parque-laminados-y-de-vinilo-2018\/#primaryimage"},"thumbnailUrl":"https:\/\/www.construccionsireformessanti.com\/wp-content\/uploads\/2018\/04\/suelo-madera.jpg","datePublished":"2018-05-16T07:42:50+00:00","dateModified":"2019-03-25T11:02:34+00:00","author":{"@id":"https:\/\/www.construccionsireformessanti.com\/#\/schema\/person\/62e13f974382018421104713be8357b7"},"description":"Las Tendencias en suelos de madera y laminados siguen marcando en este 2018. Especialistas en suelos de madera y laminados en la provincia de Tarragona.","breadcrumb":{"@id":"https:\/\/www.construccionsireformessanti.com\/tendencias-en-suelos-de-parque-laminados-y-de-vinilo-2018\/#breadcrumb"},"inLanguage":"ca","potentialAction":[{"@type":"ReadAction","target":["https:\/\/www.construccionsireformessanti.com\/tendencias-en-suelos-de-parque-laminados-y-de-vinilo-2018\/"]}]},{"@type":"ImageObject","inLanguage":"ca","@id":"https:\/\/www.construccionsireformessanti.com\/tendencias-en-suelos-de-parque-laminados-y-de-vinilo-2018\/#primaryimage","url":"https:\/\/www.construccionsireformessanti.com\/wp-content\/uploads\/2018\/04\/suelo-madera.jpg","contentUrl":"https:\/\/www.construccionsireformessanti.com\/wp-content\/uploads\/2018\/04\/suelo-madera.jpg","width":680,"height":418,"caption":"suelo madera"},{"@type":"BreadcrumbList","@id":"https:\/\/www.construccionsireformessanti.com\/tendencias-en-suelos-de-parque-laminados-y-de-vinilo-2018\/#breadcrumb","itemListElement":[{"@type":"ListItem","position":1,"name":"Portada","item":"https:\/\/www.construccionsireformessanti.com\/"},{"@type":"ListItem","position":2,"name":"Tendencias en suelos de parqu\u00e9, laminados y de vinilo 2018"}]},{"@type":"WebSite","@id":"https:\/\/www.construccionsireformessanti.com\/#website","url":"https:\/\/www.construccionsireformessanti.com\/","name":"Construccions i Muntatges Santi","description":"Construcciones en Tarragona","potentialAction":[{"@type":"SearchAction","target":{"@type":"EntryPoint","urlTemplate":"https:\/\/www.construccionsireformessanti.com\/?s={search_term_string}"},"query-input":{"@type":"PropertyValueSpecification","valueRequired":true,"valueName":"search_term_string"}}],"inLanguage":"ca"},{"@type":"Person","@id":"https:\/\/www.construccionsireformessanti.com\/#\/schema\/person\/62e13f974382018421104713be8357b7","name":"DigitalME","image":{"@type":"ImageObject","inLanguage":"ca","@id":"https:\/\/www.construccionsireformessanti.com\/#\/schema\/person\/image\/","url":"https:\/\/secure.gravatar.com\/avatar\/70050c41d678b2b3e9b2ef8ad47c2fd4562a978dd6c4f3ec09c2816212aa5d15?s=96&d=mm&r=g","contentUrl":"https:\/\/secure.gravatar.com\/avatar\/70050c41d678b2b3e9b2ef8ad47c2fd4562a978dd6c4f3ec09c2816212aa5d15?s=96&d=mm&r=g","caption":"DigitalME"},"url":"https:\/\/www.construccionsireformessanti.com\/ca\/author\/digitalme\/"}]}},"_links":{"self":[{"href":"https:\/\/www.construccionsireformessanti.com\/ca\/wp-json\/wp\/v2\/posts\/981","targetHints":{"allow":["GET"]}}],"collection":[{"href":"https:\/\/www.construccionsireformessanti.com\/ca\/wp-json\/wp\/v2\/posts"}],"about":[{"href":"https:\/\/www.construccionsireformessanti.com\/ca\/wp-json\/wp\/v2\/types\/post"}],"author":[{"embeddable":true,"href":"https:\/\/www.construccionsireformessanti.com\/ca\/wp-json\/wp\/v2\/users\/1"}],"replies":[{"embeddable":true,"href":"https:\/\/www.construccionsireformessanti.com\/ca\/wp-json\/wp\/v2\/comments?post=981"}],"version-history":[{"count":3,"href":"https:\/\/www.construccionsireformessanti.com\/ca\/wp-json\/wp\/v2\/posts\/981\/revisions"}],"predecessor-version":[{"id":1206,"href":"https:\/\/www.construccionsireformessanti.com\/ca\/wp-json\/wp\/v2\/posts\/981\/revisions\/1206"}],"wp:featuredmedia":[{"embeddable":true,"href":"https:\/\/www.construccionsireformessanti.com\/ca\/wp-json\/wp\/v2\/media\/983"}],"wp:attachment":[{"href":"https:\/\/www.construccionsireformessanti.com\/ca\/wp-json\/wp\/v2\/media?parent=981"}],"wp:term":[{"taxonomy":"category","embeddable":true,"href":"https:\/\/www.construccionsireformessanti.com\/ca\/wp-json\/wp\/v2\/categories?post=981"},{"taxonomy":"post_tag","embeddable":true,"href":"https:\/\/www.construccionsireformessanti.com\/ca\/wp-json\/wp\/v2\/tags?post=981"}],"curies":[{"name":"wp","href":"https:\/\/api.w.org\/{rel}","templated":true}]}}